{"id":298,"date":"2022-05-08T22:51:17","date_gmt":"2022-05-08T20:51:17","guid":{"rendered":"https:\/\/saintjosephsegre.fr\/?p=298"},"modified":"2026-04-12T23:44:43","modified_gmt":"2026-04-12T21:44:43","slug":"assemblee-generale","status":"publish","type":"post","link":"https:\/\/www.saintjosephsegre.fr\/?p=298","title":{"rendered":"Assembl\u00e9e g\u00e9n\u00e9rale 2022"},"content":{"rendered":"\n<figure class=\"wp-block-image size-large is-resized\"><img fetchpriority=\"high\" decoding=\"async\" src=\"https:\/\/saintjosephsegre.fr\/wp-content\/uploads\/2022\/05\/thumbnail_IMG_5531-1024x768.jpg\" alt=\"\" class=\"wp-image-299\" width=\"537\" height=\"402\" srcset=\"https:\/\/www.saintjosephsegre.fr\/wp-content\/uploads\/2022\/05\/thumbnail_IMG_5531-1024x768.jpg 1024w, https:\/\/www.saintjosephsegre.fr\/wp-content\/uploads\/2022\/05\/thumbnail_IMG_5531-300x225.jpg 300w, https:\/\/www.saintjosephsegre.fr\/wp-content\/uploads\/2022\/05\/thumbnail_IMG_5531-768x576.jpg 768w, https:\/\/www.saintjosephsegre.fr\/wp-content\/uploads\/2022\/05\/thumbnail_IMG_5531.jpg 1280w\" sizes=\"(max-width: 537px) 100vw, 537px\" \/><\/figure>\n\n\n\n<p>Le samedi 7 mai 2022 s&rsquo;est tenue la premi\u00e8re assembl\u00e9e g\u00e9n\u00e9rale des Amis de la Chapelle Saint Joseph de Segr\u00e9. Elle \u00e9tait suivie d&rsquo;une visite virtuelle de la chapelle, r\u00e9alis\u00e9e gr\u00e2ce au travail de Catherine Belay, photographe \u00e0 Segr\u00e9.<\/p>\n","protected":false},"excerpt":{"rendered":"<p>Le samedi 7 mai 2022 s&rsquo;est tenue la premi\u00e8re assembl\u00e9e g\u00e9n\u00e9rale des Amis de la Chapelle Saint Joseph de Segr\u00e9. Elle \u00e9tait suivie d&rsquo;une visite virtuelle de la chapelle, r\u00e9alis\u00e9e gr\u00e2ce au travail de Catherine Belay, photographe \u00e0 Segr\u00e9.<\/p>\n","protected":false},"author":1,"featured_media":0,"comment_status":"open","ping_status":"open","sticky":false,"template":"","format":"standard","meta":{"footnotes":""},"categories":[1],"tags":[],"class_list":["post-298","post","type-post","status-publish","format-standard","hentry","category-non-classe"],"_links":{"self":[{"href":"https:\/\/www.saintjosephsegre.fr\/index.php?rest_route=\/wp\/v2\/posts\/298","targetHints":{"allow":["GET"]}}],"collection":[{"href":"https:\/\/www.saintjosephsegre.fr\/index.php?rest_route=\/wp\/v2\/posts"}],"about":[{"href":"https:\/\/www.saintjosephsegre.fr\/index.php?rest_route=\/wp\/v2\/types\/post"}],"author":[{"embeddable":true,"href":"https:\/\/www.saintjosephsegre.fr\/index.php?rest_route=\/wp\/v2\/users\/1"}],"replies":[{"embeddable":true,"href":"https:\/\/www.saintjosephsegre.fr\/index.php?rest_route=%2Fwp%2Fv2%2Fcomments&post=298"}],"version-history":[{"count":4,"href":"https:\/\/www.saintjosephsegre.fr\/index.php?rest_route=\/wp\/v2\/posts\/298\/revisions"}],"predecessor-version":[{"id":755,"href":"https:\/\/www.saintjosephsegre.fr\/index.php?rest_route=\/wp\/v2\/posts\/298\/revisions\/755"}],"wp:attachment":[{"href":"https:\/\/www.saintjosephsegre.fr\/index.php?rest_route=%2Fwp%2Fv2%2Fmedia&parent=298"}],"wp:term":[{"taxonomy":"category","embeddable":true,"href":"https:\/\/www.saintjosephsegre.fr\/index.php?rest_route=%2Fwp%2Fv2%2Fcategories&post=298"},{"taxonomy":"post_tag","embeddable":true,"href":"https:\/\/www.saintjosephsegre.fr\/index.php?rest_route=%2Fwp%2Fv2%2Ftags&post=298"}],"curies":[{"name":"wp","href":"https:\/\/api.w.org\/{rel}","templated":true}]}}